{"id":14362,"date":"2025-11-13T15:14:28","date_gmt":"2025-11-13T15:14:28","guid":{"rendered":"https:\/\/biocheck.pt\/homepage\/?p=14362"},"modified":"2025-11-13T15:41:57","modified_gmt":"2025-11-13T15:41:57","slug":"lembrete-decreto-lei-n-o-69-2023-de-21-de-agosto","status":"publish","type":"post","link":"https:\/\/biocheck.pt\/homepage\/lembrete-decreto-lei-n-o-69-2023-de-21-de-agosto\/","title":{"rendered":"Lembrete: Decreto-Lei n.\u00ba 69\/2023, de 21 de agosto"},"content":{"rendered":"\t\t<div data-elementor-type=\"wp-post\" data-elementor-id=\"14362\" class=\"elementor elementor-14362\">\n\t\t\t\t\t\t<section class=\"elementor-section elementor-top-section elementor-element elementor-element-c551768 elementor-section-stretched elementor-section-boxed elementor-section-height-default elementor-section-height-default\" data-id=\"c551768\" data-element_type=\"section\" data-settings=\"{&quot;stretch_section&quot;:&quot;section-stretched&quot;,&quot;background_background&quot;:&quot;classic&quot;}\">\n\t\t\t\t\t\t\t<div class=\"elementor-background-overlay\"><\/div>\n\t\t\t\t\t\t\t<div class=\"elementor-container elementor-column-gap-default\">\n\t\t\t\t\t<div class=\"elementor-column elementor-col-100 elementor-top-column elementor-element elementor-element-110978d\" data-id=\"110978d\" data-element_type=\"column\">\n\t\t\t<div class=\"elementor-widget-wrap\">\n\t\t\t\t\t\t\t<\/div>\n\t\t<\/div>\n\t\t\t\t\t<\/div>\n\t\t<\/section>\n\t\t\t\t<section class=\"elementor-section elementor-top-section elementor-element elementor-element-22db9a1 elementor-section-boxed elementor-section-height-default elementor-section-height-default\" data-id=\"22db9a1\" data-element_type=\"section\">\n\t\t\t\t\t\t<div class=\"elementor-container elementor-column-gap-default\">\n\t\t\t\t\t<div class=\"elementor-column elementor-col-100 elementor-top-column elementor-element elementor-element-400854e\" data-id=\"400854e\" data-element_type=\"column\">\n\t\t\t<div class=\"elementor-widget-wrap elementor-element-populated\">\n\t\t\t\t\t\t<div class=\"elementor-element elementor-element-405df9f elementor-widget elementor-widget-slider_revolution\" data-id=\"405df9f\" data-element_type=\"widget\" data-widget_type=\"slider_revolution.default\">\n\t\t\t\t<div class=\"elementor-widget-container\">\n\t\t\t\t\t\n\t\t<div class=\"wp-block-themepunch-revslider\">\n\t\t\t<!-- START Lembrete: DecretoLei n.\u00ba 69\/2023, de 21 de agosto REVOLUTION SLIDER 6.5.21 --><p class=\"rs-p-wp-fix\"><\/p>\n\t\t\t<rs-module-wrap id=\"rev_slider_54_1_wrapper\" data-source=\"gallery\" style=\"visibility:hidden;background:transparent;padding:0;\">\n\t\t\t\t<rs-module id=\"rev_slider_54_1\" style=\"\" data-version=\"6.5.21\">\n\t\t\t\t\t<rs-slides>\n\t\t\t\t\t\t<rs-slide style=\"position: absolute;\" data-key=\"rs-130\" data-title=\"Seduction\" data-anim=\"eng:transitionPack;d:20;e:tpbasic;ms:1500ms;\" data-in=\"o:1;\" data-out=\"a:false;\">\n\t\t\t\t\t\t\t<img fetchpriority=\"high\" decoding=\"async\" src=\"\/\/biocheck.pt\/homepage\/wp-content\/plugins\/revslider\/public\/assets\/assets\/dummy.png\" alt=\"\" title=\"agua\" width=\"800\" height=\"534\" class=\"rev-slidebg tp-rs-img rs-lazyload\" data-lazyload=\"\/\/biocheck.pt\/homepage\/wp-content\/uploads\/2025\/11\/agua.webp\" data-panzoom=\"d:10000;ss:100;se:110%;oe:-200px\/0;\" data-no-retina>\n<!--\t\t\t\t\t\t--><rs-zone id=\"rrzm_130\" class=\"rev_row_zone_middle\" style=\"z-index: 10;\"><!--\n\n\t\t\t\t\t\t\t\t--><rs-row\n\t\t\t\t\t\t\t\t\tid=\"slider-54-slide-130-layer-0\" \n\t\t\t\t\t\t\t\t\tdata-type=\"row\"\n\t\t\t\t\t\t\t\t\tdata-xy=\"xo:50px;yo:50px;\"\n\t\t\t\t\t\t\t\t\tdata-rsp_bd=\"off\"\n\t\t\t\t\t\t\t\t\tdata-margin=\"r:100,100,100,40;l:100,150,150,40;\"\n\t\t\t\t\t\t\t\t\tdata-frame_0=\"o:1;\"\n\t\t\t\t\t\t\t\t\tdata-frame_0_mask=\"u:t;\"\n\t\t\t\t\t\t\t\t\tdata-frame_0_reverse=\"y:true;\"\n\t\t\t\t\t\t\t\t\tdata-frame_1=\"e:circ.out;sp:1200;\"\n\t\t\t\t\t\t\t\t\tdata-frame_1_mask=\"u:t;\"\n\t\t\t\t\t\t\t\t\tdata-frame_999=\"y:0px;o:1;e:circ.out;st:w;sp:800;sR:7800;sA:9000;\"\n\t\t\t\t\t\t\t\t\tstyle=\"z-index:1;\"\n\t\t\t\t\t\t\t\t><!--\n\t\t\t\t\t\t\t\t\t--><rs-column\n\t\t\t\t\t\t\t\t\t\tid=\"slider-54-slide-130-layer-1\" \n\t\t\t\t\t\t\t\t\t\tdata-type=\"column\"\n\t\t\t\t\t\t\t\t\t\tdata-xy=\"xo:50px;yo:50px;\"\n\t\t\t\t\t\t\t\t\t\tdata-rsp_bd=\"off\"\n\t\t\t\t\t\t\t\t\t\tdata-column=\"w:100%;\"\n\t\t\t\t\t\t\t\t\t\tdata-frame_0=\"o:1;\"\n\t\t\t\t\t\t\t\t\t\tdata-frame_999=\"o:1;st:w;sp:800;sR:8700;sA:9000;\"\n\t\t\t\t\t\t\t\t\t\tstyle=\"z-index:2;width:100%;\"\n\t\t\t\t\t\t\t\t\t><!--\n\t\t\t\t\t\t\t\t\t\t--><rs-layer\n\t\t\t\t\t\t\t\t\t\t\tid=\"slider-54-slide-130-layer-4\" \n\t\t\t\t\t\t\t\t\t\t\tdata-type=\"text\"\n\t\t\t\t\t\t\t\t\t\t\tdata-color=\"rgba(255, 255, 255, 0)\"\n\t\t\t\t\t\t\t\t\t\t\tdata-rsp_ch=\"on\"\n\t\t\t\t\t\t\t\t\t\t\tdata-text=\"w:normal;s:100,90,80,60;l:160,115,101,80;ls:-5px,-4px,-3px,-1px;fw:700;\"\n\t\t\t\t\t\t\t\t\t\t\tdata-dim=\"w:1252px,1033px,784px,483px;\"\n\t\t\t\t\t\t\t\t\t\t\tdata-tst=\"c:#ffffff;\"\n\t\t\t\t\t\t\t\t\t\t\tdata-margin=\"b:-30,-25,-19,-12;\"\n\t\t\t\t\t\t\t\t\t\t\tdata-frame_0=\"y:100%;o:1;\"\n\t\t\t\t\t\t\t\t\t\t\tdata-frame_0_mask=\"u:t;\"\n\t\t\t\t\t\t\t\t\t\t\tdata-frame_0_reverse=\"y:true;\"\n\t\t\t\t\t\t\t\t\t\t\tdata-frame_1=\"e:circ.out;st:200;sp:1000;sR:200;\"\n\t\t\t\t\t\t\t\t\t\t\tdata-frame_1_mask=\"u:t;\"\n\t\t\t\t\t\t\t\t\t\t\tdata-frame_999=\"y:-100%;o:1;st:w;sp:800;sR:7800;\"\n\t\t\t\t\t\t\t\t\t\t\tdata-frame_999_mask=\"u:t;\"\n\t\t\t\t\t\t\t\t\t\t\tdata-frame_999_reverse=\"y:true;\"\n\t\t\t\t\t\t\t\t\t\t\tstyle=\"z-index:3;font-family:'DM Sans';\"\n\t\t\t\t\t\t\t\t\t\t>Biocheck \n\t\t\t\t\t\t\t\t\t\t<\/rs-layer><!--\n\t\t\t\t\t\t\t\t\t--><\/rs-column><!--\n\t\t\t\t\t\t\t\t--><\/rs-row><!--\n\t\t\t\t\t\t\t--><\/rs-zone><!--\n\n\t\t\t\t\t\t\t--><rs-group\n\t\t\t\t\t\t\t\tid=\"slider-54-slide-130-layer-10\" \n\t\t\t\t\t\t\t\tdata-type=\"group\"\n\t\t\t\t\t\t\t\tdata-xy=\"y:m;\"\n\t\t\t\t\t\t\t\tdata-text=\"w:normal;\"\n\t\t\t\t\t\t\t\tdata-dim=\"w:120px;h:280px;\"\n\t\t\t\t\t\t\t\tdata-vbility=\"t,t,t,f\"\n\t\t\t\t\t\t\t\tdata-basealign=\"slide\"\n\t\t\t\t\t\t\t\tdata-rsp_o=\"off\"\n\t\t\t\t\t\t\t\tdata-rsp_bd=\"off\"\n\t\t\t\t\t\t\t\tdata-frame_0=\"o:1;\"\n\t\t\t\t\t\t\t\tdata-frame_1=\"sp:1000;\"\n\t\t\t\t\t\t\t\tdata-frame_999=\"o:1;st:w;sp:1200;sR:8000;sA:9000;\"\n\t\t\t\t\t\t\t\tstyle=\"z-index:17;\"\n\t\t\t\t\t\t\t><!--\n\t\t\t\t\t\t\t\t--><rs-layer\n\t\t\t\t\t\t\t\t\tid=\"slider-54-slide-130-layer-11\" \n\t\t\t\t\t\t\t\t\tdata-type=\"shape\"\n\t\t\t\t\t\t\t\t\tdata-xy=\"x:c;y:m;\"\n\t\t\t\t\t\t\t\t\tdata-text=\"w:normal;\"\n\t\t\t\t\t\t\t\t\tdata-dim=\"w:2px;h:200px;\"\n\t\t\t\t\t\t\t\t\tdata-rsp_o=\"off\"\n\t\t\t\t\t\t\t\t\tdata-rsp_bd=\"off\"\n\t\t\t\t\t\t\t\t\tdata-frame_0=\"o:1;\"\n\t\t\t\t\t\t\t\t\tdata-frame_1=\"sp:1;\"\n\t\t\t\t\t\t\t\t\tdata-frame_999=\"o:1;st:w;sp:1;sR:8999;\"\n\t\t\t\t\t\t\t\t\tstyle=\"z-index:13;background-color:rgba(255,255,255,0.35);\"\n\t\t\t\t\t\t\t\t> \n\t\t\t\t\t\t\t\t<\/rs-layer><!--\n\n\t\t\t\t\t\t\t\t--><rs-layer\n\t\t\t\t\t\t\t\t\tid=\"slider-54-slide-130-layer-12\" \n\t\t\t\t\t\t\t\t\tdata-type=\"shape\"\n\t\t\t\t\t\t\t\t\tdata-xy=\"x:c;yo:40px;\"\n\t\t\t\t\t\t\t\t\tdata-text=\"w:normal;\"\n\t\t\t\t\t\t\t\t\tdata-dim=\"w:2px;h:200px;\"\n\t\t\t\t\t\t\t\t\tdata-rsp_o=\"off\"\n\t\t\t\t\t\t\t\t\tdata-rsp_bd=\"off\"\n\t\t\t\t\t\t\t\t\tdata-clip=\"u:true;o:t;\"\n\t\t\t\t\t\t\t\t\tdata-frame_0=\"o:1;cp:0%;\"\n\t\t\t\t\t\t\t\t\tdata-frame_1=\"sp:1200;cp:20%;\"\n\t\t\t\t\t\t\t\t\tdata-frame_999=\"o:1;st:w;sR:7800;\"\n\t\t\t\t\t\t\t\t\tstyle=\"z-index:14;background-color:#ffffff;\"\n\t\t\t\t\t\t\t\t> \n\t\t\t\t\t\t\t\t<\/rs-layer><!--\n\n\t\t\t\t\t\t\t\t--><rs-layer\n\t\t\t\t\t\t\t\t\tid=\"slider-54-slide-130-layer-13\" \n\t\t\t\t\t\t\t\t\tdata-type=\"text\"\n\t\t\t\t\t\t\t\t\tdata-xy=\"x:c;\"\n\t\t\t\t\t\t\t\t\tdata-text=\"w:normal;s:18;ls:1px;\"\n\t\t\t\t\t\t\t\t\tdata-rsp_o=\"off\"\n\t\t\t\t\t\t\t\t\tdata-rsp_bd=\"off\"\n\t\t\t\t\t\t\t\t\tdata-frame_0=\"o:1;\"\n\t\t\t\t\t\t\t\t\tdata-frame_0_chars=\"d:5;y:100%;o:0;rZ:-35deg;\"\n\t\t\t\t\t\t\t\t\tdata-frame_0_mask=\"u:t;\"\n\t\t\t\t\t\t\t\t\tdata-frame_1=\"sp:1000;\"\n\t\t\t\t\t\t\t\t\tdata-frame_1_chars=\"e:power4.inOut;d:10;rZ:0deg;\"\n\t\t\t\t\t\t\t\t\tdata-frame_1_mask=\"u:t;\"\n\t\t\t\t\t\t\t\t\tdata-frame_999=\"o:1;st:w;sp:1000;sR:7700;\"\n\t\t\t\t\t\t\t\t\tdata-frame_999_chars=\"e:power4.inOut;dir:backward;d:10;y:-100%;o:0;rZ:35deg;\"\n\t\t\t\t\t\t\t\t\tdata-frame_999_mask=\"u:t;\"\n\t\t\t\t\t\t\t\t\tstyle=\"z-index:15;font-family:'Manrope';\"\n\t\t\t\t\t\t\t\t>0{{current_slide_index}} \n\t\t\t\t\t\t\t\t<\/rs-layer><!--\n\n\t\t\t\t\t\t\t\t--><rs-layer\n\t\t\t\t\t\t\t\t\tid=\"slider-54-slide-130-layer-14\" \n\t\t\t\t\t\t\t\t\tdata-type=\"text\"\n\t\t\t\t\t\t\t\t\tdata-xy=\"x:c;y:b;\"\n\t\t\t\t\t\t\t\t\tdata-text=\"w:normal;s:18;ls:1px;\"\n\t\t\t\t\t\t\t\t\tdata-rsp_o=\"off\"\n\t\t\t\t\t\t\t\t\tdata-rsp_bd=\"off\"\n\t\t\t\t\t\t\t\t\tdata-frame_0=\"y:0%;o:1;\"\n\t\t\t\t\t\t\t\t\tdata-frame_0_mask=\"u:t;\"\n\t\t\t\t\t\t\t\t\tdata-frame_0_reverse=\"y:true;\"\n\t\t\t\t\t\t\t\t\tdata-frame_1=\"e:circ.out;st:200;sp:1000;sR:200;\"\n\t\t\t\t\t\t\t\t\tdata-frame_1_mask=\"u:t;\"\n\t\t\t\t\t\t\t\t\tdata-frame_999=\"y:0px;o:1;st:w;sp:800;sR:7800;\"\n\t\t\t\t\t\t\t\t\tdata-frame_999_mask=\"u:t;\"\n\t\t\t\t\t\t\t\t\tdata-frame_999_reverse=\"y:true;\"\n\t\t\t\t\t\t\t\t\tstyle=\"z-index:16;font-family:'Manrope';\"\n\t\t\t\t\t\t\t\t>0{{total_slide_count}} \n\t\t\t\t\t\t\t\t<\/rs-layer><!--\n\t\t\t\t\t\t\t--><\/rs-group><!--\n\n\t\t\t\t\t\t\t--><rs-layer\n\t\t\t\t\t\t\t\tid=\"slider-54-slide-130-layer-5\" \n\t\t\t\t\t\t\t\tdata-type=\"text\"\n\t\t\t\t\t\t\t\tdata-rsp_ch=\"on\"\n\t\t\t\t\t\t\t\tdata-xy=\"xo:85px,70px,53px,32px;yo:496px,409px,310px,191px;\"\n\t\t\t\t\t\t\t\tdata-text=\"w:normal;s:106,90,80,60;l:133,115,101,80;ls:-7,-5,-3,-1;fw:700;\"\n\t\t\t\t\t\t\t\tdata-dim=\"w:1100,908,689,425;\"\n\t\t\t\t\t\t\t\tdata-frame_0=\"y:100%;o:1;\"\n\t\t\t\t\t\t\t\tdata-frame_0_mask=\"u:t;\"\n\t\t\t\t\t\t\t\tdata-frame_0_reverse=\"y:true;\"\n\t\t\t\t\t\t\t\tdata-frame_1=\"e:circ.out;st:200;sp:1000;sR:200;\"\n\t\t\t\t\t\t\t\tdata-frame_1_mask=\"u:t;\"\n\t\t\t\t\t\t\t\tdata-frame_999=\"y:-100%;o:1;st:w;sp:800;sR:7800;\"\n\t\t\t\t\t\t\t\tdata-frame_999_mask=\"u:t;\"\n\t\t\t\t\t\t\t\tdata-frame_999_reverse=\"y:true;\"\n\t\t\t\t\t\t\t\tstyle=\"z-index:12;font-family:'DM Sans';\"\n\t\t\t\t\t\t\t>Lembrete: Decreto-Lei n.\u00ba 69\/2023, de 21 de agosto \n\t\t\t\t\t\t\t<\/rs-layer><!--\n\n\t\t\t\t\t\t\t--><rs-layer\n\t\t\t\t\t\t\t\tid=\"slider-54-slide-130-layer-35\" \n\t\t\t\t\t\t\t\tdata-type=\"shape\"\n\t\t\t\t\t\t\t\tdata-rsp_ch=\"on\"\n\t\t\t\t\t\t\t\tdata-xy=\"x:c;xo:-1px,0,0,0;y:m;yo:-1px,0,0,0;\"\n\t\t\t\t\t\t\t\tdata-text=\"w:normal;s:20,16,12,7;l:0,20,15,9;\"\n\t\t\t\t\t\t\t\tdata-dim=\"w:100%;h:100%;\"\n\t\t\t\t\t\t\t\tdata-basealign=\"slide\"\n\t\t\t\t\t\t\t\tdata-frame_999=\"o:0;st:w;sR:8700;\"\n\t\t\t\t\t\t\t\tstyle=\"z-index:8;background-color:rgba(0,0,0,0.5);\"\n\t\t\t\t\t\t\t> \n\t\t\t\t\t\t\t<\/rs-layer><!--\n-->\t\t\t\t\t\t<\/rs-slide>\n\t\t\t\t\t<\/rs-slides>\n\t\t\t\t\t<rs-static-layers><!--\n\t\t\t\t\t--><\/rs-static-layers>\n\t\t\t\t<\/rs-module>\n\t\t\t\t<script>\n\t\t\t\t\tsetREVStartSize({c: 'rev_slider_54_1',rl:[1240,1024,778,480],el:[900,768,960,720],gw:[1240,1024,778,480],gh:[900,768,960,720],type:'standard',justify:'',layout:'fullscreen',offsetContainer:'',offset:'',mh:\"0\"});if (window.RS_MODULES!==undefined && window.RS_MODULES.modules!==undefined && window.RS_MODULES.modules[\"revslider541\"]!==undefined) {window.RS_MODULES.modules[\"revslider541\"].once = false;window.revapi54 = undefined;if (window.RS_MODULES.checkMinimal!==undefined) window.RS_MODULES.checkMinimal()}\n\t\t\t\t<\/script>\n\t\t\t<\/rs-module-wrap>\n\t\t\t<!-- END REVOLUTION SLIDER -->\n<\/div>\n\n\t\t\t\t\t\t<\/div>\n\t\t\t\t<\/div>\n\t\t\t\t<div class=\"elementor-element elementor-element-260a500 elementor-widget__width-initial elementor-widget elementor-widget-text-editor\" data-id=\"260a500\" data-element_type=\"widget\" data-widget_type=\"text-editor.default\">\n\t\t\t\t<div class=\"elementor-widget-container\">\n\t\t\t\t\t\t\t\t\t<p>O Decreto-Lei n.\u00ba 69\/2023, de 21 de agosto, transp\u00f5e para o ordenamento jur\u00eddico nacional a Diretiva (UE) n.\u00ba 2020\/2184, e estabelece o regime jur\u00eddico da qualidade da \u00e1gua destinada ao consumo humano.<\/p><p><img decoding=\"async\" class=\"size-medium wp-image-14366 alignleft\" src=\"https:\/\/biocheck.pt\/homepage\/wp-content\/uploads\/2025\/11\/de-quelle-quantite-d-eau-avons-nous-vraiment-besoin-pour-vivre-1669748102673_512-300x216.jpeg\" alt=\"\" width=\"300\" height=\"216\" srcset=\"https:\/\/biocheck.pt\/homepage\/wp-content\/uploads\/2025\/11\/de-quelle-quantite-d-eau-avons-nous-vraiment-besoin-pour-vivre-1669748102673_512-300x216.jpeg 300w, https:\/\/biocheck.pt\/homepage\/wp-content\/uploads\/2025\/11\/de-quelle-quantite-d-eau-avons-nous-vraiment-besoin-pour-vivre-1669748102673_512.jpeg 512w\" sizes=\"(max-width: 300px) 100vw, 300px\" \/><\/p><p>Al\u00e9m de manter o objetivo de proteger a sa\u00fade humana dos efeitos nocivos resultantes da contamina\u00e7\u00e3o da \u00e1gua destinada ao consumo humano, assegurando a sua salubridade e limpeza, o presente Decreto-Lei vem preconizar a melhoria do acesso \u00e0 \u00e1gua destinada ao consumo humano para todos na Uni\u00e3o Europeia.<\/p><p>\u00a0<\/p><p><strong><u>Conceito de \u00e1gua destinada ao consumo humano<\/u><\/strong><\/p><p>Em primeiro lugar \u00e9 fundamental conhecer e entender o conceito de <strong>\u00e1gua destinada ao consumo humano<\/strong>, que \u00e9 toda a \u00e1gua no seu estado original, ou ap\u00f3s tratamento, destinada a ser bebida, a cozinhar, \u00e0 prepara\u00e7\u00e3o de alimentos, \u00e0 higiene pessoal ou a outros fins dom\u00e9sticos, quer em lugares p\u00fablicos, quer em lugares privados, independentemente da sua origem e de ser ou n\u00e3o fornecida a partir de uma rede de distribui\u00e7\u00e3o, fornecida a partir de uma cisterna fixa ou m\u00f3vel, em garrafas ou outros recipientes, com ou sem fins comerciais. Este conceito, inclui ainda a <strong>\u00e1gua utilizada numa empresa do setor alimentar<\/strong> para o fabrico, a transforma\u00e7\u00e3o, a conserva\u00e7\u00e3o ou a comercializa\u00e7\u00e3o de produtos, ou subst\u00e2ncias, destinados ao consumo humano, bem como a utilizada na limpeza de superf\u00edcies, objetos e materiais que podem estar em contacto com os alimentos.<\/p><p>\u00a0<\/p><p><strong><u>Principais mudan\u00e7as introduzidas pelo Decreto-Lei n.\u00ba 69\/2023<\/u><\/strong><\/p><p>Em segundo lugar \u00e9 importante lembrar e compreender o que <strong>mudou<\/strong> com o Decreto-Lei n.\u00ba 69\/2023.<\/p><p>No que concerne \u00e0 <strong>lista de valores param\u00e9tricos<\/strong>, destaca-se a:<\/p><ul><li><strong>introdu\u00e7\u00e3o de novos par\u00e2metros<\/strong> como:<ul><li><strong><em>Legionella<\/em><\/strong> \u2013 entrada obrigat\u00f3ria devido ao risco de infe\u00e7\u00f5es respirat\u00f3rias graves, principalmente a partir de sistemas de \u00e1gua quente. Este par\u00e2metro deve ser medido nas instala\u00e7\u00f5es em que s\u00e3o identificados riscos espec\u00edficos para a qualidade da \u00e1gua e para a sa\u00fade humana, e o valor param\u00e9trico (VP) a cumprir \u00e9 &lt; 1000 UFC\/l;<\/li><li><strong>\u00c1cidos haloac\u00e9ticos (HAA)<\/strong> \u2013 compostos qu\u00edmicos formados como subprodutos da desinfe\u00e7\u00e3o da \u00e1gua pot\u00e1vel com cloro e que, em altas concentra\u00e7\u00f5es, podem conduzir a um potencial risco para a sa\u00fade humana. O VP \u00e9 de 60 \u00b5g\/l, e este par\u00e2metro s\u00f3 \u00e9 medido caso sejam utilizados m\u00e9todos de desinfe\u00e7\u00e3o suscet\u00edveis de gerar HAA;<\/li><li><strong>Bisfenol A <\/strong>\u2013 subst\u00e2ncia com potenciais efeitos de disrup\u00e7\u00e3o end\u00f3crina, introduzida no programa de monitoriza\u00e7\u00e3o da qualidade da \u00e1gua como parte dos testes de rotina. O VP \u00e9 de 2,5 \u00b5g\/l;<\/li><li><strong>Subst\u00e2ncias perfluoralquiladas (PFAS)<\/strong> \u2013 contaminantes emergentes de preocupa\u00e7\u00e3o global, que passam a ser monitorizados quer no total e\/ou quer na soma dos compostos espec\u00edficos considerados preocupantes para a \u00e1gua destinada ao consumo humano (VP \u00abtotal PFAS\u00bb = 0,50 \u00b5g\/l e VP \u00absoma PFAS\u00bb = 0,10 \u00b5g\/l);<\/li><li><strong>Ur\u00e2nio <\/strong>\u2013 integra a lista com limites rigorosos (30 \u00b5g\/l), devido ao seu potencial efeito t\u00f3xico e radiol\u00f3gico.<\/li><\/ul><\/li><\/ul><p>A monitoriza\u00e7\u00e3o destes par\u00e2metros \u00e9 obrigat\u00f3ria a partir de <strong>12 de janeiro de <u>2026<\/u><\/strong>.<\/p><ul><li><strong>defini\u00e7\u00e3o de valores param\u00e9tricos mais restritivos<\/strong> para o <strong>cr\u00f3mio<\/strong> e para o <strong>chumbo<\/strong>, com o objetivo de aumentar a prote\u00e7\u00e3o da sa\u00fade p\u00fablica e reduzir os riscos associados \u00e0 exposi\u00e7\u00e3o prolongada a metais pesados. Os valores param\u00e9tricos passam de 50 \u00b5g\/l para <strong>25 \u00b5g\/l <\/strong>e 10 \u00b5g\/l para <strong>5 \u00b5g\/l<\/strong> (para o cr\u00f3mio e para o chumbo, respetivamente), a cumprir, o mais tardar, at\u00e9 <strong>12 de janeiro de <u>2036<\/u><\/strong>.<\/li><\/ul><p>Adicionalmente, este diploma veio refor\u00e7ar a avalia\u00e7\u00e3o e gest\u00e3o do risco em toda a cadeia de abastecimento, promovendo uma abordagem mais integrada e preventiva para garantir a seguran\u00e7a e a salubridade da \u00e1gua disponibilizada \u00e0 popula\u00e7\u00e3o.<\/p><p>A avalia\u00e7\u00e3o e gest\u00e3o do risco passa a incidir sobre os tr\u00eas componentes principais da cadeia de abastecimento, e as primeiras avalia\u00e7\u00f5es do risco devem ser efetuadas at\u00e9 \u00e0s seguintes datas:<\/p><ul><li>bacias de drenagem dos pontos de capta\u00e7\u00e3o de \u00e1gua destinada ao consumo humano, at\u00e9<strong> 28 de fevereiro de <u>2027<\/u><\/strong>;<\/li><li>sistemas de abastecimento, at\u00e9<strong> 29 de fevereiro de <u>2028<\/u><\/strong>;<\/li><li>sistemas de distribui\u00e7\u00e3o predial, at\u00e9<strong> 12 de janeiro de <u>2029<\/u><\/strong>.<\/li><\/ul><p><strong><u>O que \u00e9 obrigat\u00f3rio para o setor alimentar<\/u><\/strong><\/p><p>As empresa do setor alimentar devem garantir que toda a \u00e1gua usada cumpre os crit\u00e9rios e os novos valores param\u00e9tricos definidos no Decreto-Lei n.\u00ba 69\/2003.<\/p><p>Na pr\u00e1tica:<\/p><ul><li>as<strong> empresas abastecidas pela <u>rede p\u00fablica<\/u>, n\u00e3o consideradas instala\u00e7\u00f5es priorit\u00e1rias<\/strong>, devem analisar os boletins anal\u00edticos da qualidade da \u00e1gua (disponibilizados pelas entidades gestoras); assegurar que, a partir de 2026, as an\u00e1lises incluem os novos par\u00e2metros obrigat\u00f3rios; e rever o plano HACCP, de forma a contemplar a avalia\u00e7\u00e3o de risco da rede predial.<\/li><li>as<strong> empresas abastecidas por <u>capta\u00e7\u00e3o pr\u00f3pria<\/u> (cisterna, furo, po\u00e7o, etc.)<\/strong> devem elaborar um plano de controlo da qualidade da \u00e1gua (PCQA); efetuar an\u00e1lises \u00e0 \u00e1gua para monitorizar os par\u00e2metros aplic\u00e1veis; e efetuar e implementar a avalia\u00e7\u00e3o e gest\u00e3o do risco.<\/li><li>as<strong> instala\u00e7\u00f5es priorit\u00e1rias<\/strong>, devem efetuar uma avalia\u00e7\u00e3o do risco associado ao sistema de distribui\u00e7\u00e3o predial de \u00e1gua e aos produtos e materiais conexos; e monitorizar a \u00e1gua com base nos par\u00e2metros listados no Quadro 2, do Anexo VI do Decreto-Lei n.\u00ba 69\/2023, nas instala\u00e7\u00f5es em que s\u00e3o identificados riscos espec\u00edficos para a qualidade da \u00e1gua e para a sa\u00fade humana.<\/li><\/ul><p style=\"text-align: center;\"><em>Para mais informa\u00e7\u00f5es entre em contacto connosco!<\/em><\/p><p>\u00a0<\/p><p><strong>Refer\u00eancias Bibliogr\u00e1ficas:<\/strong><\/p><p>Decreto-Lei n<sup>o<\/sup> 69\/2023, de 21 de agosto (2023). <a href=\"https:\/\/diariodarepublica.pt\/dr\/detalhe\/decreto-lei\/69-2023-220113533\">https:\/\/diariodarepublica.pt\/dr\/detalhe\/decreto-lei\/69-2023-220113533<\/a><\/p><p>Diretiva (UE) 2020\/2184 do Parlamento Europeu e do Conselho de 16 de dezembro de 2020(2020).\u00a0\u00a0\u00a0\u00a0\u00a0\u00a0\u00a0\u00a0\u00a0\u00a0\u00a0\u00a0\u00a0\u00a0\u00a0\u00a0\u00a0\u00a0\u00a0\u00a0\u00a0\u00a0\u00a0\u00a0\u00a0\u00a0\u00a0\u00a0\u00a0\u00a0\u00a0\u00a0\u00a0\u00a0\u00a0\u00a0\u00a0\u00a0\u00a0\u00a0\u00a0\u00a0\u00a0\u00a0\u00a0\u00a0\u00a0\u00a0\u00a0\u00a0\u00a0\u00a0\u00a0\u00a0\u00a0\u00a0\u00a0\u00a0\u00a0\u00a0\u00a0\u00a0\u00a0\u00a0\u00a0\u00a0\u00a0\u00a0\u00a0\u00a0\u00a0\u00a0\u00a0\u00a0\u00a0\u00a0\u00a0\u00a0\u00a0\u00a0\u00a0\u00a0\u00a0\u00a0\u00a0\u00a0\u00a0\u00a0\u00a0\u00a0\u00a0\u00a0\u00a0\u00a0\u00a0\u00a0\u00a0\u00a0\u00a0\u00a0\u00a0\u00a0\u00a0\u00a0\u00a0\u00a0\u00a0\u00a0\u00a0\u00a0\u00a0\u00a0\u00a0\u00a0 <a href=\"https:\/\/eur-lex.europa.eu\/legal-content\/PT\/TXT\/?uri=CELEX:32020L2184\">https:\/\/eur-lex.europa.eu\/legal-content\/PT\/TXT\/?uri=CELEX:32020L2184<\/a><\/p><p>ALS. (2025, outubro 1). <em>Novo Decreto-Lei | Monitorize a qualidade da \u00e1gua de consumo humano | \u00daltimas not\u00edcias | ALS Portugal<\/em>. <a href=\"https:\/\/www.alsglobal.pt\/noticias\/Novo-Decreto-Lei-%257C-Monitorize-a-qualidade-da-agua-de-consumo-humano_2058\">https:\/\/www.alsglobal.pt\/noticias\/Novo-Decreto-Lei-%257C-Monitorize-a-qualidade-da-agua-de-consumo-humano_2058<\/a><\/p>\t\t\t\t\t\t\t\t<\/div>\n\t\t\t\t<\/div>\n\t\t\t\t\t<\/div>\n\t\t<\/div>\n\t\t\t\t\t<\/div>\n\t\t<\/section>\n\t\t\t\t<\/div>\n\t\t","protected":false},"excerpt":{"rendered":"<p>Nesta edi\u00e7\u00e3o da nossa newsletter, abordaremos o Decreto-Lei n.\u00ba 69\/2023, de 21 de agosto, transp\u00f5e para o ordenamento jur\u00eddico nacional a Diretiva (UE) n.\u00ba 2020\/2184, e estabelece o regime jur\u00eddico da qualidade da \u00e1gua destinada ao consumo humano.<br \/>\nAl\u00e9m de manter o objetivo de proteger a sa\u00fade humana dos efeitos nocivos resultantes da contamina\u00e7\u00e3o da \u00e1gua destinada ao consumo humano, assegurando a sua salubridade e limpeza, o presente Decreto-Lei vem preconizar a melhoria do acesso \u00e0 \u00e1gua destinada ao consumo humano para todos na Uni\u00e3o Europeia.<\/p>\n","protected":false},"author":6,"featured_media":14365,"comment_status":"closed","ping_status":"open","sticky":false,"template":"","format":"standard","meta":{"_jetpack_memberships_contains_paid_content":false,"footnotes":""},"categories":[38],"tags":[],"class_list":["post-14362","post","type-post","status-publish","format-standard","has-post-thumbnail","hentry","category-newsletter"],"yoast_head":"<!-- This site is optimized with the Yoast SEO plugin v20.6 - https:\/\/yoast.com\/wordpress\/plugins\/seo\/ -->\n<title>Lembrete: Decreto-Lei n.\u00ba 69\/2023, de 21 de agosto - Biocheck Lda<\/title>\n<meta name=\"description\" content=\"O Decreto-Lei n.\u00ba 69\/2023, de 21 de agosto, transp\u00f5e para o ordenamento jur\u00eddico nacional a Diretiva (UE) n.\u00ba 2020\/2184, e estabelece o regime jur\u00eddico da qualidade da \u00e1gua destinada ao consumo humano.\" \/>\n<meta name=\"robots\" content=\"index, follow, max-snippet:-1, max-image-preview:large, max-video-preview:-1\" \/>\n<link rel=\"canonical\" href=\"https:\/\/biocheck.pt\/homepage\/lembrete-decreto-lei-n-o-69-2023-de-21-de-agosto\/\" \/>\n<meta property=\"og:locale\" content=\"pt_PT\" \/>\n<meta property=\"og:type\" content=\"article\" \/>\n<meta property=\"og:title\" content=\"Lembrete: Decreto-Lei n.\u00ba 69\/2023, de 21 de agosto - Biocheck Lda\" \/>\n<meta property=\"og:description\" content=\"O Decreto-Lei n.\u00ba 69\/2023, de 21 de agosto, transp\u00f5e para o ordenamento jur\u00eddico nacional a Diretiva (UE) n.\u00ba 2020\/2184, e estabelece o regime jur\u00eddico da qualidade da \u00e1gua destinada ao consumo humano.\" \/>\n<meta property=\"og:url\" content=\"https:\/\/biocheck.pt\/homepage\/lembrete-decreto-lei-n-o-69-2023-de-21-de-agosto\/\" \/>\n<meta property=\"og:site_name\" content=\"Biocheck Lda\" \/>\n<meta property=\"article:publisher\" content=\"https:\/\/www.facebook.com\/biocheck\" \/>\n<meta property=\"article:published_time\" content=\"2025-11-13T15:14:28+00:00\" \/>\n<meta property=\"article:modified_time\" content=\"2025-11-13T15:41:57+00:00\" \/>\n<meta property=\"og:image\" content=\"https:\/\/biocheck.pt\/homepage\/wp-content\/uploads\/2025\/11\/agua.webp\" \/>\n\t<meta property=\"og:image:width\" content=\"800\" \/>\n\t<meta property=\"og:image:height\" content=\"534\" \/>\n\t<meta property=\"og:image:type\" content=\"image\/webp\" \/>\n<meta name=\"author\" content=\"Isabel Costa\" \/>\n<meta name=\"twitter:card\" content=\"summary_large_image\" \/>\n<meta name=\"twitter:label1\" content=\"Escrito por\" \/>\n\t<meta name=\"twitter:data1\" content=\"Isabel Costa\" \/>\n\t<meta name=\"twitter:label2\" content=\"Tempo estimado de leitura\" \/>\n\t<meta name=\"twitter:data2\" content=\"6 minutos\" \/>\n<script type=\"application\/ld+json\" class=\"yoast-schema-graph\">{\"@context\":\"https:\/\/schema.org\",\"@graph\":[{\"@type\":\"Article\",\"@id\":\"https:\/\/biocheck.pt\/homepage\/lembrete-decreto-lei-n-o-69-2023-de-21-de-agosto\/#article\",\"isPartOf\":{\"@id\":\"https:\/\/biocheck.pt\/homepage\/lembrete-decreto-lei-n-o-69-2023-de-21-de-agosto\/\"},\"author\":{\"name\":\"Isabel Costa\",\"@id\":\"https:\/\/biocheck.pt\/homepage\/#\/schema\/person\/a7490d325e9bbe5f401137db62dd56c7\"},\"headline\":\"Lembrete: Decreto-Lei n.\u00ba 69\/2023, de 21 de agosto\",\"datePublished\":\"2025-11-13T15:14:28+00:00\",\"dateModified\":\"2025-11-13T15:41:57+00:00\",\"mainEntityOfPage\":{\"@id\":\"https:\/\/biocheck.pt\/homepage\/lembrete-decreto-lei-n-o-69-2023-de-21-de-agosto\/\"},\"wordCount\":994,\"publisher\":{\"@id\":\"https:\/\/biocheck.pt\/homepage\/#organization\"},\"articleSection\":[\"Newsletter\"],\"inLanguage\":\"pt-PT\"},{\"@type\":\"WebPage\",\"@id\":\"https:\/\/biocheck.pt\/homepage\/lembrete-decreto-lei-n-o-69-2023-de-21-de-agosto\/\",\"url\":\"https:\/\/biocheck.pt\/homepage\/lembrete-decreto-lei-n-o-69-2023-de-21-de-agosto\/\",\"name\":\"Lembrete: Decreto-Lei n.\u00ba 69\/2023, de 21 de agosto - Biocheck Lda\",\"isPartOf\":{\"@id\":\"https:\/\/biocheck.pt\/homepage\/#website\"},\"datePublished\":\"2025-11-13T15:14:28+00:00\",\"dateModified\":\"2025-11-13T15:41:57+00:00\",\"description\":\"O Decreto-Lei n.\u00ba 69\/2023, de 21 de agosto, transp\u00f5e para o ordenamento jur\u00eddico nacional a Diretiva (UE) n.\u00ba 2020\/2184, e estabelece o regime jur\u00eddico da qualidade da \u00e1gua destinada ao consumo humano.\",\"breadcrumb\":{\"@id\":\"https:\/\/biocheck.pt\/homepage\/lembrete-decreto-lei-n-o-69-2023-de-21-de-agosto\/#breadcrumb\"},\"inLanguage\":\"pt-PT\",\"potentialAction\":[{\"@type\":\"ReadAction\",\"target\":[\"https:\/\/biocheck.pt\/homepage\/lembrete-decreto-lei-n-o-69-2023-de-21-de-agosto\/\"]}]},{\"@type\":\"BreadcrumbList\",\"@id\":\"https:\/\/biocheck.pt\/homepage\/lembrete-decreto-lei-n-o-69-2023-de-21-de-agosto\/#breadcrumb\",\"itemListElement\":[{\"@type\":\"ListItem\",\"position\":1,\"name\":\"In\u00edcio\",\"item\":\"https:\/\/biocheck.pt\/homepage\/\"},{\"@type\":\"ListItem\",\"position\":2,\"name\":\"Lembrete: Decreto-Lei n.\u00ba 69\/2023, de 21 de agosto\"}]},{\"@type\":\"WebSite\",\"@id\":\"https:\/\/biocheck.pt\/homepage\/#website\",\"url\":\"https:\/\/biocheck.pt\/homepage\/\",\"name\":\"Biocheck Lda\",\"description\":\"Qualidade e Seguran\u00e7a Alimentar\",\"publisher\":{\"@id\":\"https:\/\/biocheck.pt\/homepage\/#organization\"},\"potentialAction\":[{\"@type\":\"SearchAction\",\"target\":{\"@type\":\"EntryPoint\",\"urlTemplate\":\"https:\/\/biocheck.pt\/homepage\/?s={search_term_string}\"},\"query-input\":\"required name=search_term_string\"}],\"inLanguage\":\"pt-PT\"},{\"@type\":\"Organization\",\"@id\":\"https:\/\/biocheck.pt\/homepage\/#organization\",\"name\":\"Biocheck Lda\",\"url\":\"https:\/\/biocheck.pt\/homepage\/\",\"logo\":{\"@type\":\"ImageObject\",\"inLanguage\":\"pt-PT\",\"@id\":\"https:\/\/biocheck.pt\/homepage\/#\/schema\/logo\/image\/\",\"url\":\"https:\/\/biocheck.pt\/homepage\/wp-content\/uploads\/2023\/02\/logotipo_bola.png\",\"contentUrl\":\"https:\/\/biocheck.pt\/homepage\/wp-content\/uploads\/2023\/02\/logotipo_bola.png\",\"width\":174,\"height\":215,\"caption\":\"Biocheck Lda\"},\"image\":{\"@id\":\"https:\/\/biocheck.pt\/homepage\/#\/schema\/logo\/image\/\"},\"sameAs\":[\"https:\/\/www.facebook.com\/biocheck\",\"https:\/\/www.linkedin.com\/company\/biochecklda\"]},{\"@type\":\"Person\",\"@id\":\"https:\/\/biocheck.pt\/homepage\/#\/schema\/person\/a7490d325e9bbe5f401137db62dd56c7\",\"name\":\"Isabel Costa\",\"image\":{\"@type\":\"ImageObject\",\"inLanguage\":\"pt-PT\",\"@id\":\"https:\/\/biocheck.pt\/homepage\/#\/schema\/person\/image\/\",\"url\":\"https:\/\/secure.gravatar.com\/avatar\/5ac3959444fea336fd09bd1c7eee1283177be47e8f1b523c5a85e17bdb43cd16?s=96&d=mm&r=g\",\"contentUrl\":\"https:\/\/secure.gravatar.com\/avatar\/5ac3959444fea336fd09bd1c7eee1283177be47e8f1b523c5a85e17bdb43cd16?s=96&d=mm&r=g\",\"caption\":\"Isabel Costa\"},\"url\":\"https:\/\/biocheck.pt\/homepage\/author\/isabel-costa\/\"}]}<\/script>\n<!-- \/ Yoast SEO plugin. -->","yoast_head_json":{"title":"Lembrete: Decreto-Lei n.\u00ba 69\/2023, de 21 de agosto - Biocheck Lda","description":"O Decreto-Lei n.\u00ba 69\/2023, de 21 de agosto, transp\u00f5e para o ordenamento jur\u00eddico nacional a Diretiva (UE) n.\u00ba 2020\/2184, e estabelece o regime jur\u00eddico da qualidade da \u00e1gua destinada ao consumo humano.","robots":{"index":"index","follow":"follow","max-snippet":"max-snippet:-1","max-image-preview":"max-image-preview:large","max-video-preview":"max-video-preview:-1"},"canonical":"https:\/\/biocheck.pt\/homepage\/lembrete-decreto-lei-n-o-69-2023-de-21-de-agosto\/","og_locale":"pt_PT","og_type":"article","og_title":"Lembrete: Decreto-Lei n.\u00ba 69\/2023, de 21 de agosto - Biocheck Lda","og_description":"O Decreto-Lei n.\u00ba 69\/2023, de 21 de agosto, transp\u00f5e para o ordenamento jur\u00eddico nacional a Diretiva (UE) n.\u00ba 2020\/2184, e estabelece o regime jur\u00eddico da qualidade da \u00e1gua destinada ao consumo humano.","og_url":"https:\/\/biocheck.pt\/homepage\/lembrete-decreto-lei-n-o-69-2023-de-21-de-agosto\/","og_site_name":"Biocheck Lda","article_publisher":"https:\/\/www.facebook.com\/biocheck","article_published_time":"2025-11-13T15:14:28+00:00","article_modified_time":"2025-11-13T15:41:57+00:00","og_image":[{"width":800,"height":534,"url":"https:\/\/biocheck.pt\/homepage\/wp-content\/uploads\/2025\/11\/agua.webp","type":"image\/webp"}],"author":"Isabel Costa","twitter_card":"summary_large_image","twitter_misc":{"Escrito por":"Isabel Costa","Tempo estimado de leitura":"6 minutos"},"schema":{"@context":"https:\/\/schema.org","@graph":[{"@type":"Article","@id":"https:\/\/biocheck.pt\/homepage\/lembrete-decreto-lei-n-o-69-2023-de-21-de-agosto\/#article","isPartOf":{"@id":"https:\/\/biocheck.pt\/homepage\/lembrete-decreto-lei-n-o-69-2023-de-21-de-agosto\/"},"author":{"name":"Isabel Costa","@id":"https:\/\/biocheck.pt\/homepage\/#\/schema\/person\/a7490d325e9bbe5f401137db62dd56c7"},"headline":"Lembrete: Decreto-Lei n.\u00ba 69\/2023, de 21 de agosto","datePublished":"2025-11-13T15:14:28+00:00","dateModified":"2025-11-13T15:41:57+00:00","mainEntityOfPage":{"@id":"https:\/\/biocheck.pt\/homepage\/lembrete-decreto-lei-n-o-69-2023-de-21-de-agosto\/"},"wordCount":994,"publisher":{"@id":"https:\/\/biocheck.pt\/homepage\/#organization"},"articleSection":["Newsletter"],"inLanguage":"pt-PT"},{"@type":"WebPage","@id":"https:\/\/biocheck.pt\/homepage\/lembrete-decreto-lei-n-o-69-2023-de-21-de-agosto\/","url":"https:\/\/biocheck.pt\/homepage\/lembrete-decreto-lei-n-o-69-2023-de-21-de-agosto\/","name":"Lembrete: Decreto-Lei n.\u00ba 69\/2023, de 21 de agosto - Biocheck Lda","isPartOf":{"@id":"https:\/\/biocheck.pt\/homepage\/#website"},"datePublished":"2025-11-13T15:14:28+00:00","dateModified":"2025-11-13T15:41:57+00:00","description":"O Decreto-Lei n.\u00ba 69\/2023, de 21 de agosto, transp\u00f5e para o ordenamento jur\u00eddico nacional a Diretiva (UE) n.\u00ba 2020\/2184, e estabelece o regime jur\u00eddico da qualidade da \u00e1gua destinada ao consumo humano.","breadcrumb":{"@id":"https:\/\/biocheck.pt\/homepage\/lembrete-decreto-lei-n-o-69-2023-de-21-de-agosto\/#breadcrumb"},"inLanguage":"pt-PT","potentialAction":[{"@type":"ReadAction","target":["https:\/\/biocheck.pt\/homepage\/lembrete-decreto-lei-n-o-69-2023-de-21-de-agosto\/"]}]},{"@type":"BreadcrumbList","@id":"https:\/\/biocheck.pt\/homepage\/lembrete-decreto-lei-n-o-69-2023-de-21-de-agosto\/#breadcrumb","itemListElement":[{"@type":"ListItem","position":1,"name":"In\u00edcio","item":"https:\/\/biocheck.pt\/homepage\/"},{"@type":"ListItem","position":2,"name":"Lembrete: Decreto-Lei n.\u00ba 69\/2023, de 21 de agosto"}]},{"@type":"WebSite","@id":"https:\/\/biocheck.pt\/homepage\/#website","url":"https:\/\/biocheck.pt\/homepage\/","name":"Biocheck Lda","description":"Qualidade e Seguran\u00e7a Alimentar","publisher":{"@id":"https:\/\/biocheck.pt\/homepage\/#organization"},"potentialAction":[{"@type":"SearchAction","target":{"@type":"EntryPoint","urlTemplate":"https:\/\/biocheck.pt\/homepage\/?s={search_term_string}"},"query-input":"required name=search_term_string"}],"inLanguage":"pt-PT"},{"@type":"Organization","@id":"https:\/\/biocheck.pt\/homepage\/#organization","name":"Biocheck Lda","url":"https:\/\/biocheck.pt\/homepage\/","logo":{"@type":"ImageObject","inLanguage":"pt-PT","@id":"https:\/\/biocheck.pt\/homepage\/#\/schema\/logo\/image\/","url":"https:\/\/biocheck.pt\/homepage\/wp-content\/uploads\/2023\/02\/logotipo_bola.png","contentUrl":"https:\/\/biocheck.pt\/homepage\/wp-content\/uploads\/2023\/02\/logotipo_bola.png","width":174,"height":215,"caption":"Biocheck Lda"},"image":{"@id":"https:\/\/biocheck.pt\/homepage\/#\/schema\/logo\/image\/"},"sameAs":["https:\/\/www.facebook.com\/biocheck","https:\/\/www.linkedin.com\/company\/biochecklda"]},{"@type":"Person","@id":"https:\/\/biocheck.pt\/homepage\/#\/schema\/person\/a7490d325e9bbe5f401137db62dd56c7","name":"Isabel Costa","image":{"@type":"ImageObject","inLanguage":"pt-PT","@id":"https:\/\/biocheck.pt\/homepage\/#\/schema\/person\/image\/","url":"https:\/\/secure.gravatar.com\/avatar\/5ac3959444fea336fd09bd1c7eee1283177be47e8f1b523c5a85e17bdb43cd16?s=96&d=mm&r=g","contentUrl":"https:\/\/secure.gravatar.com\/avatar\/5ac3959444fea336fd09bd1c7eee1283177be47e8f1b523c5a85e17bdb43cd16?s=96&d=mm&r=g","caption":"Isabel Costa"},"url":"https:\/\/biocheck.pt\/homepage\/author\/isabel-costa\/"}]}},"jetpack_featured_media_url":"https:\/\/biocheck.pt\/homepage\/wp-content\/uploads\/2025\/11\/agua.webp","jetpack_sharing_enabled":true,"_links":{"self":[{"href":"https:\/\/biocheck.pt\/homepage\/wp-json\/wp\/v2\/posts\/14362","targetHints":{"allow":["GET"]}}],"collection":[{"href":"https:\/\/biocheck.pt\/homepage\/wp-json\/wp\/v2\/posts"}],"about":[{"href":"https:\/\/biocheck.pt\/homepage\/wp-json\/wp\/v2\/types\/post"}],"author":[{"embeddable":true,"href":"https:\/\/biocheck.pt\/homepage\/wp-json\/wp\/v2\/users\/6"}],"replies":[{"embeddable":true,"href":"https:\/\/biocheck.pt\/homepage\/wp-json\/wp\/v2\/comments?post=14362"}],"version-history":[{"count":6,"href":"https:\/\/biocheck.pt\/homepage\/wp-json\/wp\/v2\/posts\/14362\/revisions"}],"predecessor-version":[{"id":14372,"href":"https:\/\/biocheck.pt\/homepage\/wp-json\/wp\/v2\/posts\/14362\/revisions\/14372"}],"wp:featuredmedia":[{"embeddable":true,"href":"https:\/\/biocheck.pt\/homepage\/wp-json\/wp\/v2\/media\/14365"}],"wp:attachment":[{"href":"https:\/\/biocheck.pt\/homepage\/wp-json\/wp\/v2\/media?parent=14362"}],"wp:term":[{"taxonomy":"category","embeddable":true,"href":"https:\/\/biocheck.pt\/homepage\/wp-json\/wp\/v2\/categories?post=14362"},{"taxonomy":"post_tag","embeddable":true,"href":"https:\/\/biocheck.pt\/homepage\/wp-json\/wp\/v2\/tags?post=14362"}],"curies":[{"name":"wp","href":"https:\/\/api.w.org\/{rel}","templated":true}]}}